{"id":5806,"date":"2024-03-11T14:07:25","date_gmt":"2024-03-11T13:07:25","guid":{"rendered":"http:\/\/alpine-store.be\/unieke-levering-alpine-a110-r-fernando-alonso-in-alpine-centre-gent\/"},"modified":"2024-03-29T09:57:34","modified_gmt":"2024-03-29T08:57:34","slug":"livraison-unique-alpine-a110-r-fernando-alonso-au-centre-alpine-de-gand","status":"publish","type":"post","link":"https:\/\/alpine-store.be\/fr\/livraison-unique-alpine-a110-r-fernando-alonso-au-centre-alpine-de-gand\/","title":{"rendered":"Livraison unique : Alpine A110 R Fernando Alonso au Centre Alpine de Gand"},"content":{"rendered":"<p><div class=\"fusion-fullwidth fullwidth-box fusion-builder-row-1 fusion-flex-container has-pattern-background has-mask-background fusion-parallax-none nonhundred-percent-fullwidth non-hundred-percent-height-scrolling\" style=\"--awb-border-radius-top-left:0px;--awb-border-radius-top-right:0px;--awb-border-radius-bottom-right:0px;--awb-border-radius-bottom-left:0px;--awb-padding-top:165px;--awb-padding-bottom:150px;--awb-padding-top-small:45px;--awb-padding-bottom-small:35px;--awb-background-color:#0c2340;--awb-background-image:linear-gradient(180deg, rgba(0,0,0,0.4) 0%,rgba(0,0,0,0.4) 100%),url(http:\/\/alpine-store.be\/wp-content\/uploads\/2024\/03\/A110_R_FERNANDO_ALONSO-scaled.webp);;--awb-background-size:cover;--awb-flex-wrap:wrap;\" id=\"banner-blogbericht\" ><div class=\"fusion-builder-row fusion-row fusion-flex-align-items-flex-start fusion-flex-align-content-center fusion-flex-content-wrap\" style=\"max-width:1456px;margin-left: calc(-4% \/ 2 );margin-right: calc(-4% \/ 2 );\"><div class=\"fusion-layout-column fusion_builder_column fusion-builder-column-0 fusion_builder_column_1_1 1_1 fusion-flex-column\" style=\"--awb-bg-size:cover;--awb-width-large:100%;--awb-margin-top-large:0px;--awb-spacing-right-large:1.92%;--awb-margin-bottom-large:0px;--awb-spacing-left-large:1.92%;--awb-width-medium:100%;--awb-order-medium:0;--awb-spacing-right-medium:1.92%;--awb-spacing-left-medium:1.92%;--awb-width-small:100%;--awb-order-small:0;--awb-spacing-right-small:1.92%;--awb-spacing-left-small:1.92%;\"><div class=\"fusion-column-wrapper fusion-column-has-shadow fusion-flex-justify-content-flex-start fusion-content-layout-column\"><nav class=\"fusion-breadcrumbs fusion-breadcrumbs-1 alpine-breadcrumbs\" style=\"--awb-font-size:12px;--awb-text-hover-color:var(--awb-color1);--awb-text-color:var(--awb-color1);--awb-breadcrumb-sep:&#039;&gt;&#039;;\" aria-label=\"Breadcrumb\"><ol class=\"awb-breadcrumb-list\"><li class=\"fusion-breadcrumb-item awb-breadcrumb-sep awb-home\" ><a href=\"https:\/\/alpine-store.be\/fr\/\" class=\"fusion-breadcrumb-link\"><span >Home<\/span><\/a><\/li><\/ol><\/nav>\n<\/div><\/div><div class=\"fusion-layout-column fusion_builder_column fusion-builder-column-1 fusion_builder_column_2_3 2_3 fusion-flex-column\" style=\"--awb-padding-top:90px;--awb-padding-top-small:90px;--awb-bg-size:cover;--awb-width-large:66.666666666667%;--awb-margin-top-large:0px;--awb-spacing-right-large:2.88%;--awb-margin-bottom-large:0px;--awb-spacing-left-large:2.88%;--awb-width-medium:66.666666666667%;--awb-order-medium:0;--awb-spacing-right-medium:2.88%;--awb-spacing-left-medium:2.88%;--awb-width-small:100%;--awb-order-small:0;--awb-spacing-right-small:1.92%;--awb-spacing-left-small:1.92%;\"><div class=\"fusion-column-wrapper fusion-column-has-shadow fusion-flex-justify-content-flex-start fusion-content-layout-column\"><div class=\"fusion-title title fusion-title-1 fusion-sep-none fusion-title-text fusion-title-size-one\" style=\"--awb-margin-top:0px;--awb-margin-bottom:20px;--awb-margin-top-small:0px;--awb-margin-right-small:0px;--awb-margin-bottom-small:20px;--awb-margin-left-small:0px;--awb-font-size:65px;\"><h1 class=\"fusion-title-heading title-heading-left fusion-responsive-typography-calculated\" style=\"margin:0;font-size:1em;--fontSize:65;line-height:1.31;\">Livraison unique : Alpine A110 R Fernando Alonso au Centre Alpine de Gand<\/h1><\/div><div class=\"fusion-text fusion-text-1 fusion-text-no-margin\" style=\"--awb-text-transform:none;--awb-margin-bottom:10px;\"><p><strong>Partagez cet article<\/strong><\/p>\n<\/div><div class=\"fusion-sharing-box fusion-sharing-box-1 boxed-icons\" style=\"background-color:rgba(12,35,64,0);padding:0;border-color:rgba(12,35,64,0);--awb-margin-top:0px;--awb-margin-right:0px;--awb-margin-bottom:0px;--awb-margin-left:0px;--awb-wrapper-padding-top:0px;--awb-wrapper-padding-right:0px;--awb-wrapper-padding-bottom:0px;--awb-wrapper-padding-left:0px;--awb-border-top:0px;--awb-border-right:0px;--awb-border-bottom:0px;--awb-border-left:0px;--awb-icon-size:17px;--awb-separator-border-color:#cccccc;--awb-separator-border-sizes:0px;--awb-alignment:center;--awb-layout:row;--awb-alignment-small:space-between;--awb-stacked-align-small:center;\" data-title=\"Livraison unique : Alpine A110 R Fernando Alonso au Centre Alpine de Gand\" data-description=\"Partagez cet article \r\n\r\nL&#039;Alpine 110 R Fernando Alonso. Seulement 32 de ces chefs-d&#039;\u0153uvre brillent sur les routes du monde entier. Chaque courbe et chaque contour est fa\u00e7onn\u00e9 avec pr\u00e9cision, chaque d\u00e9tail respire l&#039;exclusivit\u00e9. Il n&#039;est donc pas surprenant que l&#039;attente augmente lorsque l&#039;une de ces voitures de course tant convoit\u00e9es fait\" data-link=\"https:\/\/alpine-store.be\/fr\/livraison-unique-alpine-a110-r-fernando-alonso-au-centre-alpine-de-gand\/\"><div class=\"fusion-social-networks sharingbox-shortcode-icon-wrapper sharingbox-shortcode-icon-wrapper-1 boxed-icons\"><span><a href=\"https:\/\/www.facebook.com\/sharer.php?u=https%3A%2F%2Falpine-store.be%2Ffr%2Flivraison-unique-alpine-a110-r-fernando-alonso-au-centre-alpine-de-gand%2F&amp;t=Livraison%20unique%20%3A%20Alpine%20A110%20R%20Fernando%20Alonso%20au%20Centre%20Alpine%20de%20Gand\" target=\"_blank\" rel=\"noreferrer\" title=\"Facebook\" aria-label=\"Facebook\" data-placement=\"bottom\" data-toggle=\"tooltip\" data-title=\"Facebook\"><i class=\"fusion-social-network-icon fusion-tooltip fusion-facebook awb-icon-facebook\" style=\"color:white;background-color:#0000ff;border-color:#0000ff;border-radius:50%;\" aria-hidden=\"true\"><\/i><\/a><\/span><span><a href=\"https:\/\/x.com\/intent\/post?text=Livraison%20unique%20%3A%20Alpine%20A110%20R%20Fernando%20Alonso%20au%20Centre%20Alpine%20de%20Gand&amp;url=https%3A%2F%2Falpine-store.be%2Ffr%2Flivraison-unique-alpine-a110-r-fernando-alonso-au-centre-alpine-de-gand%2F\" target=\"_blank\" rel=\"noopener noreferrer\" title=\"X\" aria-label=\"X\" data-placement=\"bottom\" data-toggle=\"tooltip\" data-title=\"X\"><i class=\"fusion-social-network-icon fusion-tooltip fusion-twitter awb-icon-twitter\" style=\"color:white;background-color:#0000ff;border-color:#0000ff;border-radius:50%;\" aria-hidden=\"true\"><\/i><\/a><\/span><span><a href=\"https:\/\/www.linkedin.com\/shareArticle?mini=true&amp;url=https%3A%2F%2Falpine-store.be%2Ffr%2Flivraison-unique-alpine-a110-r-fernando-alonso-au-centre-alpine-de-gand%2F&amp;title=Livraison%20unique%20%3A%20Alpine%20A110%20R%20Fernando%20Alonso%20au%20Centre%20Alpine%20de%20Gand&amp;summary=Partagez%20cet%20article%20%20%0D%0A%0D%0AL%26%2339%3BAlpine%20110%20R%20Fernando%20Alonso.%20Seulement%2032%20de%20ces%20chefs-d%26%2339%3B%C5%93uvre%20brillent%20sur%20les%20routes%20du%20monde%20entier.%20Chaque%20courbe%20et%20chaque%20contour%20est%20fa%C3%A7onn%C3%A9%20avec%20pr%C3%A9cision%2C%20chaque%20d%C3%A9tail%20respire%20l%26%2339%3Bexclusivit%C3%A9.%20Il%20n%26%2339%3Best%20donc%20pas%20surprenant%20que%20l%26%2339%3Battente%20augmente%20lorsque%20l%26%2339%3Bune%20de%20ces%20voitures%20de%20course%20tant%20convoit%C3%A9es%20fait\" target=\"_blank\" rel=\"noopener noreferrer\" title=\"LinkedIn\" aria-label=\"LinkedIn\" data-placement=\"bottom\" data-toggle=\"tooltip\" data-title=\"LinkedIn\"><i class=\"fusion-social-network-icon fusion-tooltip fusion-linkedin awb-icon-linkedin\" style=\"color:white;background-color:#0000ff;border-color:#0000ff;border-radius:50%;\" aria-hidden=\"true\"><\/i><\/a><\/span><span><a href=\"https:\/\/api.whatsapp.com\/send?text=https%3A%2F%2Falpine-store.be%2Ffr%2Flivraison-unique-alpine-a110-r-fernando-alonso-au-centre-alpine-de-gand%2F\" target=\"_blank\" rel=\"noopener noreferrer\" title=\"WhatsApp\" aria-label=\"WhatsApp\" data-placement=\"bottom\" data-toggle=\"tooltip\" data-title=\"WhatsApp\"><i class=\"fusion-social-network-icon fusion-tooltip fusion-whatsapp awb-icon-whatsapp\" style=\"color:white;background-color:#0000ff;border-color:#0000ff;border-radius:50%;\" aria-hidden=\"true\"><\/i><\/a><\/span><span><a href=\"mailto:?subject=Livraison%20unique%20%3A%20Alpine%20A110%20R%20Fernando%20Alonso%20au%20Centre%20Alpine%20de%20Gand&amp;body=https%3A%2F%2Falpine-store.be%2Ffr%2Flivraison-unique-alpine-a110-r-fernando-alonso-au-centre-alpine-de-gand%2F\" target=\"_self\" title=\"Email\" aria-label=\"Email\" data-placement=\"bottom\" data-toggle=\"tooltip\" data-title=\"Email\"><i class=\"fusion-social-network-icon fusion-tooltip fusion-mail awb-icon-mail\" style=\"color:white;background-color:#0000ff;border-color:#0000ff;border-radius:50%;\" aria-hidden=\"true\"><\/i><\/a><\/span><\/div><\/div>\n<div class=\"fusion-text fusion-text-2 max-width-600\" style=\"--awb-font-size:23px;--awb-line-height:28px;--awb-text-transform:none;--awb-margin-top:5px;--awb-text-font-family:&quot;Alpine Ascension Regular&quot;;--awb-text-font-style:normal;--awb-text-font-weight:400;\"><p>L&rsquo;Alpine 110 R Fernando Alonso. Seulement 32 de ces chefs-d&rsquo;\u0153uvre brillent sur les routes du monde entier. Chaque courbe et chaque contour est fa\u00e7onn\u00e9 avec pr\u00e9cision, chaque d\u00e9tail respire l&rsquo;exclusivit\u00e9. Il n&rsquo;est donc pas surprenant que l&rsquo;attente augmente lorsque l&rsquo;une de ces voitures de course tant convoit\u00e9es fait son apparition pour une livraison exclusive \u00e0 Gand.<\/p>\n<\/div><\/div><\/div><\/div><\/div><div class=\"fusion-fullwidth fullwidth-box fusion-builder-row-2 fusion-flex-container hundred-percent-fullwidth non-hundred-percent-height-scrolling half-half-rechts\" style=\"--awb-border-radius-top-left:0px;--awb-border-radius-top-right:0px;--awb-border-radius-bottom-right:0px;--awb-border-radius-bottom-left:0px;--awb-padding-right:0px;--awb-padding-left:0px;--awb-padding-right-small:0px;--awb-padding-left-small:0px;--awb-background-color:var(--awb-color2);--awb-flex-wrap:wrap;\" ><div class=\"fusion-builder-row fusion-row fusion-flex-align-items-stretch fusion-flex-content-wrap\" style=\"width:calc( 100% + 0px ) !important;max-width:calc( 100% + 0px ) !important;margin-left: calc(-0px \/ 2 );margin-right: calc(-0px \/ 2 );\"><div class=\"fusion-layout-column fusion_builder_column fusion-builder-column-2 fusion_builder_column_1_2 1_2 fusion-flex-column\" style=\"--awb-bg-image:url(&#039;http:\/\/alpine-store.be\/wp-content\/uploads\/2024\/03\/A110_R_FERNANDO_ALONSO-1-1.webp&#039;);--awb-bg-position:center center;--awb-bg-size:cover;--awb-width-large:50%;--awb-margin-top-large:0px;--awb-spacing-right-large:0px;--awb-margin-bottom-large:0px;--awb-spacing-left-large:0px;--awb-width-medium:50%;--awb-order-medium:0;--awb-spacing-right-medium:0px;--awb-spacing-left-medium:0px;--awb-width-small:100%;--awb-order-small:0;--awb-spacing-right-small:0px;--awb-spacing-left-small:0px;\" data-scroll-devices=\"small-visibility,medium-visibility,large-visibility\"><div class=\"fusion-column-wrapper fusion-column-has-shadow fusion-flex-justify-content-flex-start fusion-content-layout-column fusion-empty-column-bg-image fusion-column-has-bg-image\" data-bg-url=\"http:\/\/alpine-store.be\/wp-content\/uploads\/2024\/03\/A110_R_FERNANDO_ALONSO-1-1.webp\"><img decoding=\"async\" class=\"fusion-empty-dims-img-placeholder fusion-no-large-visibility fusion-no-medium-visibility\" src=\"data:image\/gif;base64,R0lGODlhAQABAAAAACH5BAEKAAEALAAAAAABAAEAAAICTAEAOw==\"><\/div><\/div><div class=\"fusion-layout-column fusion_builder_column fusion-builder-column-3 fusion_builder_column_1_2 1_2 fusion-flex-column\" style=\"--awb-padding-top:240px;--awb-padding-right:30px;--awb-padding-bottom:220px;--awb-padding-left:150px;--awb-padding-top-small:45px;--awb-padding-right-small:30px;--awb-padding-bottom-small:25px;--awb-padding-left-small:30px;--awb-bg-size:cover;--awb-width-large:50%;--awb-margin-top-large:0px;--awb-spacing-right-large:0px;--awb-margin-bottom-large:0px;--awb-spacing-left-large:0px;--awb-width-medium:50%;--awb-order-medium:0;--awb-spacing-right-medium:0px;--awb-spacing-left-medium:0px;--awb-width-small:100%;--awb-order-small:0;--awb-spacing-right-small:0px;--awb-spacing-left-small:0px;\"><div class=\"fusion-column-wrapper fusion-column-has-shadow fusion-flex-justify-content-flex-start fusion-content-layout-column\"><div class=\"fusion-title title fusion-title-2 fusion-sep-none fusion-title-text fusion-title-size-two\" style=\"--awb-text-color:var(--awb-color1);--awb-margin-top:0px;--awb-margin-bottom:20px;--awb-margin-top-small:0px;--awb-margin-right-small:0px;--awb-margin-bottom-small:20px;--awb-margin-left-small:0px;\"><h2 class=\"fusion-title-heading title-heading-left fusion-responsive-typography-calculated\" style=\"margin:0;text-transform:uppercase;--fontSize:38;line-height:1;\">Livraison inoubliable<\/h2><\/div><div class=\"fusion-text fusion-text-3 fusion-text-no-margin max-width-600\" style=\"--awb-text-transform:none;--awb-text-color:var(--awb-custom_color_1);--awb-margin-bottom:0px;\"><p>La remise de l&rsquo;Alpine A110 R Fernando Alonso \u00e0 Gand transcende la simple livraison de cl\u00e9s ; elle marque une c\u00e9l\u00e9bration unique pour le destinataire ainsi que pour notre Centre Alpine. Cette exp\u00e9rience offrait au client l&rsquo;opportunit\u00e9 exceptionnelle de s&rsquo;impliquer dans la personnalisation de son v\u00e9hicule, lui permettant d&rsquo;affiner chaque d\u00e9tail \u00e0 son go\u00fbt, des r\u00e9glages de course personnalis\u00e9s \u00e0 l&rsquo;ajustement pr\u00e9cis du ch\u00e2ssis sp\u00e9cifique.<\/p>\n<p>L&rsquo;exclusivit\u00e9 de cet \u00e9v\u00e9nement r\u00e9sidait dans les d\u00e9tails personnels et les caract\u00e9ristiques uniques d\u00e9di\u00e9es \u00e0 cette version de l&rsquo;Alpine A110 R Fernando Alonso. Chaque \u00e9l\u00e9ment, con\u00e7u avec soin, visait \u00e0 sublimer esth\u00e9tique et performances. Le choix de la peinture Racing Matt Blue, identique \u00e0 celle de la monoplace A522 d&rsquo;Alonso, les \u00e9triers de frein en teinte orange, ainsi que le drapeau aux couleurs jaune, rouge et bleu (\u00e9cho aux couleurs de course du champion espagnol) qui embellissent l&rsquo;arri\u00e8re et les porti\u00e8res du v\u00e9hicule, illustrent cette recherche d&rsquo;exception. La signature de Fernando Alonso, appos\u00e9e sur le capot et brod\u00e9e sur les si\u00e8ges, ajoute une touche personnelle, tandis que le pare-soleil arbore la phrase inspirante : \u00ab\u00a0Il existe plus d&rsquo;un chemin pour atteindre le sommet de la montagne\u00a0\u00bb.<\/p>\n<\/div><\/div><\/div><\/div><\/div><div class=\"fusion-fullwidth fullwidth-box fusion-builder-row-3 fusion-flex-container nonhundred-percent-fullwidth non-hundred-percent-height-scrolling\" style=\"--awb-border-radius-top-left:0px;--awb-border-radius-top-right:0px;--awb-border-radius-bottom-right:0px;--awb-border-radius-bottom-left:0px;--awb-padding-top:120px;--awb-padding-bottom:120px;--awb-padding-top-small:0px;--awb-padding-right-small:0px;--awb-padding-bottom-small:0px;--awb-padding-left-small:0px;--awb-flex-wrap:wrap;\" ><div class=\"fusion-builder-row fusion-row fusion-flex-align-items-flex-start fusion-flex-content-wrap\" style=\"max-width:1456px;margin-left: calc(-4% \/ 2 );margin-right: calc(-4% \/ 2 );\"><div class=\"fusion-layout-column fusion_builder_column fusion-builder-column-4 fusion_builder_column_1_1 1_1 fusion-flex-column\" style=\"--awb-bg-size:cover;--awb-width-large:100%;--awb-margin-top-large:0px;--awb-spacing-right-large:1.92%;--awb-margin-bottom-large:0px;--awb-spacing-left-large:1.92%;--awb-width-medium:100%;--awb-order-medium:0;--awb-spacing-right-medium:1.92%;--awb-spacing-left-medium:1.92%;--awb-width-small:100%;--awb-order-small:0;--awb-spacing-right-small:1.92%;--awb-spacing-left-small:1.92%;\"><div class=\"fusion-column-wrapper fusion-column-has-shadow fusion-flex-justify-content-flex-start fusion-content-layout-column\"><div class=\"fusion-image-element \" style=\"--awb-caption-title-font-family:var(--h2_typography-font-family);--awb-caption-title-font-weight:var(--h2_typography-font-weight);--awb-caption-title-font-style:var(--h2_typography-font-style);--awb-caption-title-size:var(--h2_typography-font-size);--awb-caption-title-transform:var(--h2_typography-text-transform);--awb-caption-title-line-height:var(--h2_typography-line-height);--awb-caption-title-letter-spacing:var(--h2_typography-letter-spacing);\"><span class=\" fusion-imageframe imageframe-none imageframe-1 hover-type-none\"><img decoding=\"async\" width=\"2250\" height=\"1500\" alt=\"Levering Fernando Alonso Alpine 3\" title=\"A110_R_FERNANDO_ALONSO (3)\" src=\"http:\/\/alpine-store.be\/wp-content\/uploads\/2024\/03\/A110_R_FERNANDO_ALONSO-3.webp\" class=\"img-responsive wp-image-5499\" srcset=\"https:\/\/alpine-store.be\/wp-content\/uploads\/2024\/03\/A110_R_FERNANDO_ALONSO-3-200x133.webp 200w, https:\/\/alpine-store.be\/wp-content\/uploads\/2024\/03\/A110_R_FERNANDO_ALONSO-3-400x267.webp 400w, https:\/\/alpine-store.be\/wp-content\/uploads\/2024\/03\/A110_R_FERNANDO_ALONSO-3-600x400.webp 600w, https:\/\/alpine-store.be\/wp-content\/uploads\/2024\/03\/A110_R_FERNANDO_ALONSO-3-800x533.webp 800w, https:\/\/alpine-store.be\/wp-content\/uploads\/2024\/03\/A110_R_FERNANDO_ALONSO-3-1200x800.webp 1200w, https:\/\/alpine-store.be\/wp-content\/uploads\/2024\/03\/A110_R_FERNANDO_ALONSO-3.webp 2250w\" sizes=\"(max-width: 950px) 100vw, 2250px\" \/><\/span><\/div><\/div><\/div><\/div><\/div><div class=\"fusion-fullwidth fullwidth-box fusion-builder-row-4 fusion-flex-container nonhundred-percent-fullwidth non-hundred-percent-height-scrolling\" style=\"--awb-border-radius-top-left:0px;--awb-border-radius-top-right:0px;--awb-border-radius-bottom-right:0px;--awb-border-radius-bottom-left:0px;--awb-padding-right-small:0px;--awb-padding-left-small:0px;--awb-margin-bottom:75px;--awb-margin-bottom-small:0px;--awb-flex-wrap:wrap;\" ><div class=\"fusion-builder-row fusion-row fusion-flex-align-items-stretch fusion-flex-content-wrap\" style=\"max-width:1456px;margin-left: calc(-4% \/ 2 );margin-right: calc(-4% \/ 2 );\"><div class=\"fusion-layout-column fusion_builder_column fusion-builder-column-5 fusion_builder_column_1_2 1_2 fusion-flex-column\" style=\"--awb-padding-top:60px;--awb-padding-bottom:40px;--awb-padding-top-small:45px;--awb-padding-right-small:30px;--awb-padding-bottom-small:25px;--awb-padding-left-small:30px;--awb-bg-size:cover;--awb-width-large:50%;--awb-margin-top-large:0px;--awb-spacing-right-large:3.84%;--awb-margin-bottom-large:0px;--awb-spacing-left-large:3.84%;--awb-width-medium:50%;--awb-order-medium:0;--awb-spacing-right-medium:3.84%;--awb-spacing-left-medium:3.84%;--awb-width-small:100%;--awb-order-small:0;--awb-spacing-right-small:1.92%;--awb-spacing-left-small:1.92%;\"><div class=\"fusion-column-wrapper fusion-column-has-shadow fusion-flex-justify-content-flex-start fusion-content-layout-column\"><div class=\"fusion-title title fusion-title-3 fusion-sep-none fusion-title-text fusion-title-size-two\" style=\"--awb-text-color:var(--awb-color1);--awb-margin-top:0px;--awb-margin-bottom:20px;--awb-margin-top-small:0px;--awb-margin-right-small:0px;--awb-margin-bottom-small:20px;--awb-margin-left-small:0px;\"><h2 class=\"fusion-title-heading title-heading-left fusion-responsive-typography-calculated\" style=\"margin:0;text-transform:uppercase;--fontSize:38;line-height:1;\">Histoire belge<\/h2><\/div><div class=\"fusion-text fusion-text-4 fusion-text-no-margin max-width-600\" style=\"--awb-text-transform:none;--awb-text-color:var(--awb-custom_color_1);--awb-margin-bottom:0px;\"><p>Aussi pour le Centre Alpine \u00e0 Gand, ce fut un moment unique qui restera grav\u00e9 dans notre histoire. L&rsquo;exclusivit\u00e9 des s\u00e9ries limit\u00e9es et l&rsquo;intense passion incarn\u00e9e par ces v\u00e9hicules constituent une exp\u00e9rience m\u00e9morable.<\/p>\n<\/div><\/div><\/div><div class=\"fusion-layout-column fusion_builder_column fusion-builder-column-6 fusion_builder_column_1_2 1_2 fusion-flex-column\" style=\"--awb-bg-image:url(&#039;http:\/\/alpine-store.be\/wp-content\/uploads\/2024\/03\/A110_R_FERNANDO_ALONSO-2.webp&#039;);--awb-bg-position:center center;--awb-bg-size:cover;--awb-width-large:50%;--awb-margin-top-large:0px;--awb-spacing-right-large:3.84%;--awb-margin-bottom-large:0px;--awb-spacing-left-large:3.84%;--awb-width-medium:50%;--awb-order-medium:0;--awb-spacing-right-medium:3.84%;--awb-spacing-left-medium:3.84%;--awb-width-small:100%;--awb-order-small:0;--awb-spacing-right-small:1.92%;--awb-spacing-left-small:1.92%;\" data-scroll-devices=\"small-visibility,medium-visibility,large-visibility\"><div class=\"fusion-column-wrapper fusion-column-has-shadow fusion-flex-justify-content-flex-start fusion-content-layout-column fusion-empty-column-bg-image fusion-column-has-bg-image\" data-bg-url=\"http:\/\/alpine-store.be\/wp-content\/uploads\/2024\/03\/A110_R_FERNANDO_ALONSO-2.webp\"><img decoding=\"async\" class=\"fusion-empty-dims-img-placeholder fusion-no-large-visibility fusion-no-medium-visibility\" src=\"data:image\/gif;base64,R0lGODlhAQABAAAAACH5BAEKAAEALAAAAAABAAEAAAICTAEAOw==\"><\/div><\/div><\/div><\/div><div class=\"fusion-fullwidth fullwidth-box fusion-builder-row-5 fusion-flex-container has-pattern-background has-mask-background fusion-parallax-none nonhundred-percent-fullwidth non-hundred-percent-height-scrolling\" style=\"--awb-border-radius-top-left:0px;--awb-border-radius-top-right:0px;--awb-border-radius-bottom-right:0px;--awb-border-radius-bottom-left:0px;--awb-min-height:800px;--awb-background-image:linear-gradient(180deg, rgba(0,52,120,0.8) 0%,rgba(0,52,120,0.8) 100%),url(http:\/\/alpine-store.be\/wp-content\/uploads\/2024\/03\/A110_R_FERNANDO_ALONSO-1.webp);;--awb-background-size:cover;--awb-flex-wrap:wrap;\" ><div class=\"fusion-builder-row fusion-row fusion-flex-align-items-center fusion-flex-align-content-center fusion-flex-justify-content-center fusion-flex-content-wrap\" style=\"max-width:1456px;margin-left: calc(-4% \/ 2 );margin-right: calc(-4% \/ 2 );\"><div class=\"fusion-layout-column fusion_builder_column fusion-builder-column-7 fusion_builder_column_1_2 1_2 fusion-flex-column\" style=\"--awb-padding-top:45px;--awb-padding-bottom:45px;--awb-bg-size:cover;--awb-width-large:50%;--awb-margin-top-large:0px;--awb-spacing-right-large:3.84%;--awb-margin-bottom-large:0px;--awb-spacing-left-large:3.84%;--awb-width-medium:50%;--awb-order-medium:0;--awb-spacing-right-medium:3.84%;--awb-spacing-left-medium:3.84%;--awb-width-small:100%;--awb-order-small:0;--awb-spacing-right-small:1.92%;--awb-spacing-left-small:1.92%;\"><div class=\"fusion-column-wrapper fusion-column-has-shadow fusion-flex-justify-content-flex-start fusion-content-layout-column\"><i class=\"fb-icon-element-1 fb-icon-element fontawesome-icon fa-quote-right fas circle-yes fusion-text-flow quoteicon\" style=\"--awb-iconcolor:#ffffff;--awb-iconcolor-hover:#ffffff;--awb-circlecolor:rgba(255,255,255,0);--awb-circlecolor-hover:rgba(255,255,255,0);--awb-circlebordersize:0px;--awb-font-size:36.96px;--awb-width:73.92px;--awb-height:73.92px;--awb-line-height:73.92px;--awb-margin-right:21px;\"><\/i><div class=\"fusion-text fusion-text-5 fusion-text-no-margin\" style=\"--awb-content-alignment:center;--awb-font-size:38px;--awb-line-height:43px;--awb-text-transform:none;--awb-margin-bottom:0px;\"><p>Avec seulement 32 exemplaires distribu\u00e9s dans le monde entier, cet \u00e9v\u00e9nement est unique dans l&rsquo;histoire de notre Centre Alpine belge.<\/p>\n<\/div><\/div><\/div><\/div><\/div><div class=\"fusion-fullwidth fullwidth-box fusion-builder-row-6 fusion-flex-container nonhundred-percent-fullwidth non-hundred-percent-height-scrolling detailpagina-model-delen\" style=\"--awb-border-radius-top-left:0px;--awb-border-radius-top-right:0px;--awb-border-radius-bottom-right:0px;--awb-border-radius-bottom-left:0px;--awb-padding-bottom:75px;--awb-padding-bottom-small:45px;--awb-background-color:var(--awb-color2);--awb-flex-wrap:wrap;\" ><div class=\"fusion-builder-row fusion-row fusion-flex-align-items-flex-start fusion-flex-content-wrap\" style=\"max-width:1456px;margin-left: calc(-4% \/ 2 );margin-right: calc(-4% \/ 2 );\"><div class=\"fusion-layout-column fusion_builder_column fusion-builder-column-8 fusion_builder_column_1_1 1_1 fusion-flex-column\" style=\"--awb-bg-size:cover;--awb-width-large:100%;--awb-margin-top-large:0px;--awb-spacing-right-large:1.92%;--awb-margin-bottom-large:0px;--awb-spacing-left-large:1.92%;--awb-width-medium:100%;--awb-order-medium:0;--awb-spacing-right-medium:1.92%;--awb-spacing-left-medium:1.92%;--awb-width-small:100%;--awb-order-small:0;--awb-spacing-right-small:1.92%;--awb-spacing-left-small:1.92%;\"><div class=\"fusion-column-wrapper fusion-column-has-shadow fusion-flex-justify-content-flex-start fusion-content-layout-column\"><div class=\"fusion-separator fusion-full-width-sep\" style=\"align-self: center;margin-left: auto;margin-right: auto;margin-top:0px;margin-bottom:0px;width:100%;max-width:100%;\"><div class=\"fusion-separator-border sep-single sep-solid\" style=\"--awb-height:20px;--awb-amount:20px;border-color:var(--awb-color3);border-top-width:1px;\"><\/div><\/div><div class=\"fusion-text fusion-text-6 fusion-text-no-margin\" style=\"--awb-content-alignment:center;--awb-text-transform:none;--awb-text-color:#a6b2c1;--awb-margin-top:60px;--awb-margin-bottom:0px;\"><p>Partagez cet article<\/p>\n<\/div><div class=\"fusion-sharing-box fusion-sharing-box-2 boxed-icons\" style=\"background-color:rgba(12,35,64,0);padding:0;border-color:rgba(12,35,64,0);--awb-margin-top:0px;--awb-margin-right:0px;--awb-margin-bottom:0px;--awb-margin-left:0px;--awb-wrapper-padding-top:0px;--awb-wrapper-padding-right:0px;--awb-wrapper-padding-bottom:0px;--awb-wrapper-padding-left:0px;--awb-border-top:0px;--awb-border-right:0px;--awb-border-bottom:0px;--awb-border-left:0px;--awb-icon-size:17px;--awb-separator-border-color:#cccccc;--awb-separator-border-sizes:0px;--awb-alignment:center;--awb-layout:row;--awb-alignment-small:space-between;--awb-stacked-align-small:center;\" data-title=\"Livraison unique : Alpine A110 R Fernando Alonso au Centre Alpine de Gand\" data-description=\"Partagez cet article \r\n\r\nL&#039;Alpine 110 R Fernando Alonso. Seulement 32 de ces chefs-d&#039;\u0153uvre brillent sur les routes du monde entier. Chaque courbe et chaque contour est fa\u00e7onn\u00e9 avec pr\u00e9cision, chaque d\u00e9tail respire l&#039;exclusivit\u00e9. Il n&#039;est donc pas surprenant que l&#039;attente augmente lorsque l&#039;une de ces voitures de course tant convoit\u00e9es fait\" data-link=\"https:\/\/alpine-store.be\/fr\/livraison-unique-alpine-a110-r-fernando-alonso-au-centre-alpine-de-gand\/\"><div class=\"fusion-social-networks sharingbox-shortcode-icon-wrapper sharingbox-shortcode-icon-wrapper-2 boxed-icons\"><span><a href=\"https:\/\/www.facebook.com\/sharer.php?u=https%3A%2F%2Falpine-store.be%2Ffr%2Flivraison-unique-alpine-a110-r-fernando-alonso-au-centre-alpine-de-gand%2F&amp;t=Livraison%20unique%20%3A%20Alpine%20A110%20R%20Fernando%20Alonso%20au%20Centre%20Alpine%20de%20Gand\" target=\"_blank\" rel=\"noreferrer\" title=\"Facebook\" aria-label=\"Facebook\" data-placement=\"bottom\" data-toggle=\"tooltip\" data-title=\"Facebook\"><i class=\"fusion-social-network-icon fusion-tooltip fusion-facebook awb-icon-facebook\" style=\"color:white;background-color:#0000ff;border-color:#0000ff;border-radius:50%;\" aria-hidden=\"true\"><\/i><\/a><\/span><span><a href=\"https:\/\/x.com\/intent\/post?text=Livraison%20unique%20%3A%20Alpine%20A110%20R%20Fernando%20Alonso%20au%20Centre%20Alpine%20de%20Gand&amp;url=https%3A%2F%2Falpine-store.be%2Ffr%2Flivraison-unique-alpine-a110-r-fernando-alonso-au-centre-alpine-de-gand%2F\" target=\"_blank\" rel=\"noopener noreferrer\" title=\"X\" aria-label=\"X\" data-placement=\"bottom\" data-toggle=\"tooltip\" data-title=\"X\"><i class=\"fusion-social-network-icon fusion-tooltip fusion-twitter awb-icon-twitter\" style=\"color:white;background-color:#0000ff;border-color:#0000ff;border-radius:50%;\" aria-hidden=\"true\"><\/i><\/a><\/span><span><a href=\"https:\/\/www.linkedin.com\/shareArticle?mini=true&amp;url=https%3A%2F%2Falpine-store.be%2Ffr%2Flivraison-unique-alpine-a110-r-fernando-alonso-au-centre-alpine-de-gand%2F&amp;title=Livraison%20unique%20%3A%20Alpine%20A110%20R%20Fernando%20Alonso%20au%20Centre%20Alpine%20de%20Gand&amp;summary=Partagez%20cet%20article%20%20%0D%0A%0D%0AL%26%2339%3BAlpine%20110%20R%20Fernando%20Alonso.%20Seulement%2032%20de%20ces%20chefs-d%26%2339%3B%C5%93uvre%20brillent%20sur%20les%20routes%20du%20monde%20entier.%20Chaque%20courbe%20et%20chaque%20contour%20est%20fa%C3%A7onn%C3%A9%20avec%20pr%C3%A9cision%2C%20chaque%20d%C3%A9tail%20respire%20l%26%2339%3Bexclusivit%C3%A9.%20Il%20n%26%2339%3Best%20donc%20pas%20surprenant%20que%20l%26%2339%3Battente%20augmente%20lorsque%20l%26%2339%3Bune%20de%20ces%20voitures%20de%20course%20tant%20convoit%C3%A9es%20fait\" target=\"_blank\" rel=\"noopener noreferrer\" title=\"LinkedIn\" aria-label=\"LinkedIn\" data-placement=\"bottom\" data-toggle=\"tooltip\" data-title=\"LinkedIn\"><i class=\"fusion-social-network-icon fusion-tooltip fusion-linkedin awb-icon-linkedin\" style=\"color:white;background-color:#0000ff;border-color:#0000ff;border-radius:50%;\" aria-hidden=\"true\"><\/i><\/a><\/span><span><a href=\"https:\/\/api.whatsapp.com\/send?text=https%3A%2F%2Falpine-store.be%2Ffr%2Flivraison-unique-alpine-a110-r-fernando-alonso-au-centre-alpine-de-gand%2F\" target=\"_blank\" rel=\"noopener noreferrer\" title=\"WhatsApp\" aria-label=\"WhatsApp\" data-placement=\"bottom\" data-toggle=\"tooltip\" data-title=\"WhatsApp\"><i class=\"fusion-social-network-icon fusion-tooltip fusion-whatsapp awb-icon-whatsapp\" style=\"color:white;background-color:#0000ff;border-color:#0000ff;border-radius:50%;\" aria-hidden=\"true\"><\/i><\/a><\/span><span><a href=\"mailto:?subject=Livraison%20unique%20%3A%20Alpine%20A110%20R%20Fernando%20Alonso%20au%20Centre%20Alpine%20de%20Gand&amp;body=https%3A%2F%2Falpine-store.be%2Ffr%2Flivraison-unique-alpine-a110-r-fernando-alonso-au-centre-alpine-de-gand%2F\" target=\"_self\" title=\"Email\" aria-label=\"Email\" data-placement=\"bottom\" data-toggle=\"tooltip\" data-title=\"Email\"><i class=\"fusion-social-network-icon fusion-tooltip fusion-mail awb-icon-mail\" style=\"color:white;background-color:#0000ff;border-color:#0000ff;border-radius:50%;\" aria-hidden=\"true\"><\/i><\/a><\/span><\/div><\/div>\n<\/div><\/div><\/div><\/div><div class=\"fusion-fullwidth fullwidth-box fusion-builder-row-7 fusion-flex-container nonhundred-percent-fullwidth non-hundred-percent-height-scrolling detailpagina-model-delen\" style=\"--awb-border-radius-top-left:0px;--awb-border-radius-top-right:0px;--awb-border-radius-bottom-right:0px;--awb-border-radius-bottom-left:0px;--awb-padding-bottom:75px;--awb-padding-bottom-small:45px;--awb-background-color:var(--awb-color2);--awb-flex-wrap:wrap;\" ><div class=\"fusion-builder-row fusion-row fusion-flex-align-items-flex-start fusion-flex-content-wrap\" style=\"max-width:1456px;margin-left: calc(-4% \/ 2 );margin-right: calc(-4% \/ 2 );\"><div class=\"fusion-layout-column fusion_builder_column fusion-builder-column-9 fusion_builder_column_1_1 1_1 fusion-flex-column\" style=\"--awb-bg-size:cover;--awb-width-large:100%;--awb-margin-top-large:0px;--awb-spacing-right-large:1.92%;--awb-margin-bottom-large:20px;--awb-spacing-left-large:1.92%;--awb-width-medium:100%;--awb-order-medium:0;--awb-spacing-right-medium:1.92%;--awb-spacing-left-medium:1.92%;--awb-width-small:100%;--awb-order-small:0;--awb-spacing-right-small:1.92%;--awb-spacing-left-small:1.92%;\"><div class=\"fusion-column-wrapper fusion-column-has-shadow fusion-flex-justify-content-flex-start fusion-content-layout-column\"><div class=\"fusion-title title fusion-title-4 fusion-sep-none fusion-title-text fusion-title-size-three\" style=\"--awb-margin-top:0px;--awb-margin-bottom:10px;--awb-margin-top-small:0px;--awb-margin-right-small:0px;--awb-margin-bottom-small:10px;--awb-margin-left-small:0px;--awb-font-size:40px;\"><h3 class=\"fusion-title-heading title-heading-left fusion-responsive-typography-calculated\" style=\"margin:0;font-size:1em;--fontSize:40;line-height:0.75;\">Autres nouvelles<\/h3><\/div><div class=\"fusion-blog-shortcode fusion-blog-shortcode-1 fusion-blog-archive fusion-blog-layout-grid-wrapper fusion-blog-no alpine-nieuws\"><style type=\"text\/css\">.fusion-blog-shortcode-1 .fusion-blog-layout-grid .fusion-post-grid{padding:10px;}.fusion-blog-shortcode-1 .fusion-posts-container{margin-left: -10px !important; margin-right:-10px !important;}<\/style><div class=\"fusion-posts-container fusion-posts-container-no fusion-no-meta-info fusion-blog-layout-grid fusion-blog-layout-grid-2 isotope fusion-blog-equal-heights\" data-pages=\"4\" data-grid-col-space=\"20\" style=\"margin: -10px -10px 0;min-height:500px;\"><article id=\"blog-1-post-6590\" class=\"fusion-post-grid post-6590 post type-post status-publish format-standard has-post-thumbnail hentry category-actualites\">\n<div class=\"fusion-post-wrapper\" style=\"background-color:var(--awb-color2);border:1px solid var(--awb-color2);border-bottom-width:3px;\">\n\n\t\t\t<div class=\"fusion-flexslider flexslider fusion-flexslider-loading fusion-post-slideshow\" style=\"border-color:var(--awb-color2);\">\n\t\t<ul class=\"slides\">\n\t\t\t\n\t\t\t\t\t\t\t\t\t\t\t\t\t\t<li><div  class=\"fusion-image-wrapper\" aria-haspopup=\"true\">\n\t\t\t\t\t\t\t<a href=\"https:\/\/alpine-store.be\/fr\/evenement-introduction-de-lalpine-a290\/\" aria-label=\"\u00c9v\u00e9nement | Introduction de l&rsquo;Alpine A290\">\n\t\t\t\t\t\t\t<img decoding=\"async\" width=\"1920\" height=\"1280\" src=\"https:\/\/alpine-store.be\/wp-content\/uploads\/2025\/03\/2750-scaled.webp\" class=\"attachment-full size-full wp-post-image\" alt=\"\" srcset=\"https:\/\/alpine-store.be\/wp-content\/uploads\/2025\/03\/2750-200x133.webp 200w, https:\/\/alpine-store.be\/wp-content\/uploads\/2025\/03\/2750-400x267.webp 400w, https:\/\/alpine-store.be\/wp-content\/uploads\/2025\/03\/2750-600x400.webp 600w, https:\/\/alpine-store.be\/wp-content\/uploads\/2025\/03\/2750-800x533.webp 800w, https:\/\/alpine-store.be\/wp-content\/uploads\/2025\/03\/2750-1200x800.webp 1200w, https:\/\/alpine-store.be\/wp-content\/uploads\/2025\/03\/2750-scaled.webp 1920w\" sizes=\"(min-width: 2200px) 100vw, (min-width: 734px) 690px, (min-width: 640px) 734px, \" \/>\t\t\t<\/a>\n\t\t\t\t\t\t\t<\/div>\n<\/li>\n\t\t\t\n\t\t\t\n\t\t\t\t\t\t\t\t\t\t\t\t\t\t\t\t\t\t\t\t\t\t\t\t\t\t\t\t\t\t\t\t\t\t\t\t\t\t\t\t\t\t\t\t\t\t\t\t\t\t\t\t\t\t\t\t\t\t\t\t\t\t\t\t\t\t\t\t<\/ul>\n\t<\/div>\n\t<div class=\"fusion-post-content-wrapper\" style=\"padding:0 0 0 0;\"><div class=\"fusion-post-content post-content\"><h2 class=\"blog-shortcode-post-title entry-title\"><a href=\"https:\/\/alpine-store.be\/fr\/evenement-introduction-de-lalpine-a290\/\">\u00c9v\u00e9nement | Introduction de l&rsquo;Alpine A290<\/a><\/h2><div class=\"fusion-post-content-container\"><p>Le 19 f\u00e9vrier, les passionn\u00e9s d'Alpine, la presse et les experts automobiles se sont r\u00e9unis pour d\u00e9couvrir la nouvelle Alpine A290.<\/p><\/div><\/div><\/div><div class=\"fusion-clearfix\"><\/div><\/div>\n<\/article>\n<article id=\"blog-1-post-5765\" class=\"fusion-post-grid post-5765 post type-post status-publish format-standard has-post-thumbnail hentry category-actualites\">\n<div class=\"fusion-post-wrapper\" style=\"background-color:var(--awb-color2);border:1px solid var(--awb-color2);border-bottom-width:3px;\">\n\n\t\t\t<div class=\"fusion-flexslider flexslider fusion-flexslider-loading fusion-post-slideshow\" style=\"border-color:var(--awb-color2);\">\n\t\t<ul class=\"slides\">\n\t\t\t\n\t\t\t\t\t\t\t\t\t\t\t\t\t\t<li><div  class=\"fusion-image-wrapper\" aria-haspopup=\"true\">\n\t\t\t\t\t\t\t<a href=\"https:\/\/alpine-store.be\/fr\/un-invite-inattendu-se-presente-au-depart-du-rallye-de-haspengouw\/\" aria-label=\"Un invit\u00e9 inattendu se pr\u00e9sente au d\u00e9part du Rallye de Haspengouw\">\n\t\t\t\t\t\t\t<img decoding=\"async\" width=\"1500\" height=\"1125\" src=\"https:\/\/alpine-store.be\/wp-content\/uploads\/2024\/03\/RallyloversAlpineA110.jpeg\" class=\"attachment-full size-full wp-post-image\" alt=\"RallyloversAlpineA110\" srcset=\"https:\/\/alpine-store.be\/wp-content\/uploads\/2024\/03\/RallyloversAlpineA110-200x150.jpeg 200w, https:\/\/alpine-store.be\/wp-content\/uploads\/2024\/03\/RallyloversAlpineA110-400x300.jpeg 400w, https:\/\/alpine-store.be\/wp-content\/uploads\/2024\/03\/RallyloversAlpineA110-600x450.jpeg 600w, https:\/\/alpine-store.be\/wp-content\/uploads\/2024\/03\/RallyloversAlpineA110-800x600.jpeg 800w, https:\/\/alpine-store.be\/wp-content\/uploads\/2024\/03\/RallyloversAlpineA110-1200x900.jpeg 1200w, https:\/\/alpine-store.be\/wp-content\/uploads\/2024\/03\/RallyloversAlpineA110.jpeg 1500w\" sizes=\"(min-width: 2200px) 100vw, (min-width: 734px) 690px, (min-width: 640px) 734px, \" \/>\t\t\t<\/a>\n\t\t\t\t\t\t\t<\/div>\n<\/li>\n\t\t\t\n\t\t\t\n\t\t\t\t\t\t\t\t\t\t\t\t\t\t\t\t\t\t\t\t\t\t\t\t\t\t\t\t\t\t\t\t\t\t\t\t\t\t\t\t\t\t\t\t\t\t\t\t\t\t\t\t\t\t\t\t\t\t\t\t\t\t\t\t\t\t\t\t<\/ul>\n\t<\/div>\n\t<div class=\"fusion-post-content-wrapper\" style=\"padding:0 0 0 0;\"><div class=\"fusion-post-content post-content\"><h2 class=\"blog-shortcode-post-title entry-title\"><a href=\"https:\/\/alpine-store.be\/fr\/un-invite-inattendu-se-presente-au-depart-du-rallye-de-haspengouw\/\">Un invit\u00e9 inattendu se pr\u00e9sente au d\u00e9part du Rallye de Haspengouw<\/a><\/h2><div class=\"fusion-post-content-container\"><p>Au son des moteurs rugissants et des pneus d\u00e9valant les chemins non pav\u00e9s, le Rallye de Haspengouw s'annonce comme une \u00e9tape palpitante, alliant talent, vitesse et finesse tactique.<\/p><\/div><\/div><\/div><div class=\"fusion-clearfix\"><\/div><\/div>\n<\/article>\n<div class=\"fusion-clearfix\"><\/div><\/div><\/div><div style=\"text-align:left;\"><a class=\"fusion-button button-flat fusion-button-default-size button-custom fusion-button-default button-1 fusion-button-default-span fusion-button-default-type\" style=\"--button_accent_color:var(--awb-color1);--button_accent_hover_color:var(--awb-color5);--button_border_hover_color:var(--awb-color3);--button_gradient_top_color:var(--awb-color5);--button_gradient_bottom_color:var(--awb-color5);--button_gradient_top_color_hover:var(--awb-color1);--button_gradient_bottom_color_hover:var(--awb-color1);--button_margin-top:45px;\" target=\"_self\" title=\"D\u00e9couvrez les actualit\u00e9s\" aria-label=\"D\u00e9couvrez les actualit\u00e9s\" href=\"http:\/\/alpine-store.be\/fr\/actualites\/\"><span class=\"fusion-button-text awb-button__text awb-button__text--default\">D\u00e9couvrez les actualit\u00e9s<\/span><\/a><\/div><\/div><\/div><\/div><\/div>\n<\/p>\n","protected":false},"excerpt":{"rendered":"<p>Seuls 32 de ces chefs-d&rsquo;\u0153uvre brillent sur les routes du monde entier. Il n&rsquo;est donc pas surprenant que l&rsquo;impatience grandisse lorsque l&rsquo;une de ces voitures de course tr\u00e8s convoit\u00e9es fait son apparition pour une livraison exclusive \u00e0 Gand.<\/p>\n","protected":false},"author":2,"featured_media":5501,"comment_status":"closed","ping_status":"closed","sticky":false,"template":"","format":"standard","meta":{"_acf_changed":false,"inline_featured_image":false,"footnotes":""},"categories":[28],"tags":[],"class_list":["post-5806","post","type-post","status-publish","format-standard","has-post-thumbnail","hentry","category-actualites"],"acf":[],"_links":{"self":[{"href":"https:\/\/alpine-store.be\/fr\/wp-json\/wp\/v2\/posts\/5806","targetHints":{"allow":["GET"]}}],"collection":[{"href":"https:\/\/alpine-store.be\/fr\/wp-json\/wp\/v2\/posts"}],"about":[{"href":"https:\/\/alpine-store.be\/fr\/wp-json\/wp\/v2\/types\/post"}],"author":[{"embeddable":true,"href":"https:\/\/alpine-store.be\/fr\/wp-json\/wp\/v2\/users\/2"}],"replies":[{"embeddable":true,"href":"https:\/\/alpine-store.be\/fr\/wp-json\/wp\/v2\/comments?post=5806"}],"version-history":[{"count":7,"href":"https:\/\/alpine-store.be\/fr\/wp-json\/wp\/v2\/posts\/5806\/revisions"}],"predecessor-version":[{"id":5816,"href":"https:\/\/alpine-store.be\/fr\/wp-json\/wp\/v2\/posts\/5806\/revisions\/5816"}],"wp:featuredmedia":[{"embeddable":true,"href":"https:\/\/alpine-store.be\/fr\/wp-json\/wp\/v2\/media\/5501"}],"wp:attachment":[{"href":"https:\/\/alpine-store.be\/fr\/wp-json\/wp\/v2\/media?parent=5806"}],"wp:term":[{"taxonomy":"category","embeddable":true,"href":"https:\/\/alpine-store.be\/fr\/wp-json\/wp\/v2\/categories?post=5806"},{"taxonomy":"post_tag","embeddable":true,"href":"https:\/\/alpine-store.be\/fr\/wp-json\/wp\/v2\/tags?post=5806"}],"curies":[{"name":"wp","href":"https:\/\/api.w.org\/{rel}","templated":true}]}}